{"id":10952,"date":"2014-03-13T11:00:28","date_gmt":"2014-03-13T10:00:28","guid":{"rendered":"https:\/\/www.xaviergero.com\/proyecto-reforma-atico-provenza\/"},"modified":"2026-02-09T13:44:17","modified_gmt":"2026-02-09T12:44:17","slug":"proyecte-reforma-atico-provenza","status":"publish","type":"post","link":"https:\/\/www.xaviergero.com\/ca\/proyecte-reforma-atico-provenza\/","title":{"rendered":"Projecte Proven\u00e7a"},"content":{"rendered":"<div class=\"fusion-fullwidth fullwidth-box fusion-builder-row-1 fusion-flex-container has-pattern-background has-mask-background nonhundred-percent-fullwidth non-hundred-percent-height-scrolling\" style=\"--awb-border-radius-top-left:0px;--awb-border-radius-top-right:0px;--awb-border-radius-bottom-right:0px;--awb-border-radius-bottom-left:0px;--awb-flex-wrap:wrap;\" ><div class=\"fusion-builder-row fusion-row fusion-flex-align-items-flex-start fusion-flex-content-wrap\" style=\"max-width:1352px;margin-left: calc(-4% \/ 2 );margin-right: calc(-4% \/ 2 );\"><div class=\"fusion-layout-column fusion_builder_column fusion-builder-column-0 fusion_builder_column_1_1 1_1 fusion-flex-column\" style=\"--awb-bg-size:cover;--awb-width-large:100%;--awb-margin-top-large:0px;--awb-spacing-right-large:1.92%;--awb-margin-bottom-large:20px;--awb-spacing-left-large:1.92%;--awb-width-medium:100%;--awb-order-medium:0;--awb-spacing-right-medium:1.92%;--awb-spacing-left-medium:1.92%;--awb-width-small:100%;--awb-order-small:0;--awb-spacing-right-small:1.92%;--awb-spacing-left-small:1.92%;\"><div class=\"fusion-column-wrapper fusion-column-has-shadow fusion-flex-justify-content-flex-start fusion-content-layout-column\"><div class=\"fusion-text fusion-text-1\"><p style=\"text-align: center;\"><span class=\"span-image-new-post\"><img decoding=\"async\" src=\"https:\/\/www.xaviergero.com\/wp-content\/uploads\/2014\/03\/xaviergero-interiorismo-barcelona-proyecto05-D.jpg\" \/><\/span><br \/>\n<span class=\"span-image-new-post\"><img decoding=\"async\" src=\"https:\/\/www.xaviergero.com\/wp-content\/uploads\/2014\/03\/xaviergero-interiorismo-barcelona-proyecto05-B.jpg\" \/><\/span><br \/>\n<span class=\"span-image-new-post\"><img decoding=\"async\" src=\"https:\/\/www.xaviergero.com\/wp-content\/uploads\/2014\/03\/xaviergero-interiorismo-barcelona-proyecto05-C.jpg\" \/><\/span><br \/>\n<span class=\"span-image-new-post\"><img decoding=\"async\" src=\"https:\/\/www.xaviergero.com\/wp-content\/uploads\/2017\/01\/xavier-gero-interiorismo-proven\u00e7a-a.jpg\" \/><\/span><br \/>\n<span class=\"span-image-new-post\"><img decoding=\"async\" src=\"https:\/\/www.xaviergero.com\/wp-content\/uploads\/2014\/03\/xaviergero-interiorismo-barcelona-proyecto05-F.jpg\" \/><\/span><br \/>\n<span class=\"span-image-new-post\"><img decoding=\"async\" src=\"https:\/\/www.xaviergero.com\/wp-content\/uploads\/2014\/03\/xaviergero-interiorismo-barcelona-proyecto05-G.jpg\" \/><\/span><br \/>\n<span class=\"span-image-new-post\"><img decoding=\"async\" src=\"https:\/\/www.xaviergero.com\/wp-content\/uploads\/2014\/03\/xaviergero-interiorismo-barcelona-proyecto05-H.jpg\" \/><\/span><br \/>\n<span class=\"span-image-new-post\"><img decoding=\"async\" src=\"https:\/\/www.xaviergero.com\/wp-content\/uploads\/2014\/03\/xaviergero-interiorismo-barcelona-proyecto05-I.jpg\" \/><\/span><br \/>\n<span class=\"span-image-new-post\"><img decoding=\"async\" src=\"https:\/\/www.xaviergero.com\/wp-content\/uploads\/2014\/03\/xaviergero-interiorismo-barcelona-proyecto05-A.jpg\" \/><\/span><\/p>\n<\/div><div class=\"fusion-title title fusion-title-1 fusion-sep-none fusion-title-center fusion-title-text fusion-title-size-four\" style=\"--awb-margin-top-small:0px;--awb-margin-bottom-small:20px;\"><h4 class=\"fusion-title-heading title-heading-center fusion-responsive-typography-calculated\" style=\"margin:0;text-transform:capitalize;--fontSize:26;line-height:1;\">DESCRIPCI\u00d3 DEL PROJECTE<\/h4><\/div><div class=\"fusion-text fusion-text-2 texto-proyecto\" style=\"--awb-content-alignment:center;\"><p>\u00c0tic a l\u00b4Eixample amb gran terrassa amb magn\u00edfiques vistes a la Sagrada Fam\u00edlia. Un pis d\u00b4her\u00e8ncia familiar amb les instal\u00b7lacions d\u00b4origen que es volia rehabilitar totalment per allotjar inquilins d\u00b4alt standing. Els propietaris es van involucrar al projecte aportant les seves idees aix\u00ed com les seves propostes de materials i acabats. La distribuci\u00f3 dels espais es va remodelar completament per aprofitar la llum natural i treure el m\u00e0xim profit a l&#8217;espai. El resultat \u00e9s un pis funcional i molt actual, amb cuina de concepte obert i tots els serveis necessaris.<\/p>\n<\/div><\/div><\/div><\/div><\/div>\n","protected":false},"excerpt":{"rendered":"","protected":false},"author":1,"featured_media":10063,"comment_status":"closed","ping_status":"closed","sticky":false,"template":"","format":"standard","meta":{"footnotes":""},"categories":[94],"tags":[],"class_list":["post-10952","post","type-post","status-publish","format-standard","has-post-thumbnail","hentry","category-mobiliari"],"yoast_head":"<!-- This site is optimized with the Yoast SEO plugin v28.3 - https:\/\/yoast.com\/product\/yoast-seo-wordpress\/ -->\n<title>Projecte Proven\u00e7a<\/title>\n<meta name=\"description\" content=\"Disseny de projecte de la reforma integral d&#039;una vivenda al carrer Proven\u00e7a realitzat per l&#039;equip d&#039;interioristes de Xavier Gero Barcelona\" \/>\n<meta name=\"robots\" content=\"index, follow, max-snippet:-1, max-image-preview:large, max-video-preview:-1\" \/>\n<link rel=\"canonical\" href=\"https:\/\/www.xaviergero.com\/ca\/proyecte-reforma-atico-provenza\/\" \/>\n<meta property=\"og:locale\" content=\"ca_ES\" \/>\n<meta property=\"og:type\" content=\"article\" \/>\n<meta property=\"og:title\" content=\"Projecte Proven\u00e7a\" \/>\n<meta property=\"og:description\" content=\"Disseny de projecte de la reforma integral d&#039;una vivenda al carrer Proven\u00e7a realitzat per l&#039;equip d&#039;interioristes de Xavier Gero Barcelona\" \/>\n<meta property=\"og:url\" content=\"https:\/\/www.xaviergero.com\/ca\/proyecte-reforma-atico-provenza\/\" \/>\n<meta property=\"og:site_name\" content=\"Xavier Gero Interirorisme\" \/>\n<meta property=\"article:published_time\" content=\"2014-03-13T10:00:28+00:00\" \/>\n<meta property=\"article:modified_time\" content=\"2026-02-09T12:44:17+00:00\" \/>\n<meta property=\"og:image\" content=\"https:\/\/www.xaviergero.com\/wp-content\/uploads\/2024\/10\/xaviergero-interiorismo-barcelona-proyecto05-D.jpg\" \/>\n\t<meta property=\"og:image:width\" content=\"942\" \/>\n\t<meta property=\"og:image:height\" content=\"534\" \/>\n\t<meta property=\"og:image:type\" content=\"image\/jpeg\" \/>\n<meta name=\"author\" content=\"admin\" \/>\n<script type=\"application\/ld+json\" class=\"yoast-schema-graph\">{\"@context\":\"https:\\\/\\\/schema.org\",\"@graph\":[{\"@type\":\"Article\",\"@id\":\"https:\\\/\\\/www.xaviergero.com\\\/ca\\\/proyecte-reforma-atico-provenza\\\/#article\",\"isPartOf\":{\"@id\":\"https:\\\/\\\/www.xaviergero.com\\\/ca\\\/proyecte-reforma-atico-provenza\\\/\"},\"author\":{\"name\":\"admin\",\"@id\":\"https:\\\/\\\/www.xaviergero.com\\\/ca\\\/#\\\/schema\\\/person\\\/a7aa6f29b4dddd3ebf414995ea56e25c\"},\"headline\":\"Projecte Proven\u00e7a\",\"datePublished\":\"2014-03-13T10:00:28+00:00\",\"dateModified\":\"2026-02-09T12:44:17+00:00\",\"mainEntityOfPage\":{\"@id\":\"https:\\\/\\\/www.xaviergero.com\\\/ca\\\/proyecte-reforma-atico-provenza\\\/\"},\"wordCount\":1445,\"publisher\":{\"@id\":\"https:\\\/\\\/www.xaviergero.com\\\/ca\\\/#organization\"},\"image\":{\"@id\":\"https:\\\/\\\/www.xaviergero.com\\\/ca\\\/proyecte-reforma-atico-provenza\\\/#primaryimage\"},\"thumbnailUrl\":\"https:\\\/\\\/www.xaviergero.com\\\/wp-content\\\/uploads\\\/2024\\\/10\\\/xaviergero-interiorismo-barcelona-proyecto05-D.jpg\",\"articleSection\":[\"Mobiliari\"],\"inLanguage\":\"ca\"},{\"@type\":\"WebPage\",\"@id\":\"https:\\\/\\\/www.xaviergero.com\\\/ca\\\/proyecte-reforma-atico-provenza\\\/\",\"url\":\"https:\\\/\\\/www.xaviergero.com\\\/ca\\\/proyecte-reforma-atico-provenza\\\/\",\"name\":\"Projecte Proven\u00e7a\",\"isPartOf\":{\"@id\":\"https:\\\/\\\/www.xaviergero.com\\\/ca\\\/#website\"},\"primaryImageOfPage\":{\"@id\":\"https:\\\/\\\/www.xaviergero.com\\\/ca\\\/proyecte-reforma-atico-provenza\\\/#primaryimage\"},\"image\":{\"@id\":\"https:\\\/\\\/www.xaviergero.com\\\/ca\\\/proyecte-reforma-atico-provenza\\\/#primaryimage\"},\"thumbnailUrl\":\"https:\\\/\\\/www.xaviergero.com\\\/wp-content\\\/uploads\\\/2024\\\/10\\\/xaviergero-interiorismo-barcelona-proyecto05-D.jpg\",\"datePublished\":\"2014-03-13T10:00:28+00:00\",\"dateModified\":\"2026-02-09T12:44:17+00:00\",\"description\":\"Disseny de projecte de la reforma integral d'una vivenda al carrer Proven\u00e7a realitzat per l'equip d'interioristes de Xavier Gero Barcelona\",\"breadcrumb\":{\"@id\":\"https:\\\/\\\/www.xaviergero.com\\\/ca\\\/proyecte-reforma-atico-provenza\\\/#breadcrumb\"},\"inLanguage\":\"ca\",\"potentialAction\":[{\"@type\":\"ReadAction\",\"target\":[\"https:\\\/\\\/www.xaviergero.com\\\/ca\\\/proyecte-reforma-atico-provenza\\\/\"]}]},{\"@type\":\"ImageObject\",\"inLanguage\":\"ca\",\"@id\":\"https:\\\/\\\/www.xaviergero.com\\\/ca\\\/proyecte-reforma-atico-provenza\\\/#primaryimage\",\"url\":\"https:\\\/\\\/www.xaviergero.com\\\/wp-content\\\/uploads\\\/2024\\\/10\\\/xaviergero-interiorismo-barcelona-proyecto05-D.jpg\",\"contentUrl\":\"https:\\\/\\\/www.xaviergero.com\\\/wp-content\\\/uploads\\\/2024\\\/10\\\/xaviergero-interiorismo-barcelona-proyecto05-D.jpg\",\"width\":942,\"height\":534,\"caption\":\"xaviergero interiorismo barcelona proyecto05 D\"},{\"@type\":\"BreadcrumbList\",\"@id\":\"https:\\\/\\\/www.xaviergero.com\\\/ca\\\/proyecte-reforma-atico-provenza\\\/#breadcrumb\",\"itemListElement\":[{\"@type\":\"ListItem\",\"position\":1,\"name\":\"Portada\",\"item\":\"https:\\\/\\\/www.xaviergero.com\\\/ca\\\/\"},{\"@type\":\"ListItem\",\"position\":2,\"name\":\"Projecte Proven\u00e7a\"}]},{\"@type\":\"WebSite\",\"@id\":\"https:\\\/\\\/www.xaviergero.com\\\/ca\\\/#website\",\"url\":\"https:\\\/\\\/www.xaviergero.com\\\/ca\\\/\",\"name\":\"Xavier Gero Interirorisme\",\"description\":\"\",\"publisher\":{\"@id\":\"https:\\\/\\\/www.xaviergero.com\\\/ca\\\/#organization\"},\"potentialAction\":[{\"@type\":\"SearchAction\",\"target\":{\"@type\":\"EntryPoint\",\"urlTemplate\":\"https:\\\/\\\/www.xaviergero.com\\\/ca\\\/?s={search_term_string}\"},\"query-input\":{\"@type\":\"PropertyValueSpecification\",\"valueRequired\":true,\"valueName\":\"search_term_string\"}}],\"inLanguage\":\"ca\"},{\"@type\":\"Organization\",\"@id\":\"https:\\\/\\\/www.xaviergero.com\\\/ca\\\/#organization\",\"name\":\"Xavier Gero Interirorisme\",\"url\":\"https:\\\/\\\/www.xaviergero.com\\\/ca\\\/\",\"logo\":{\"@type\":\"ImageObject\",\"inLanguage\":\"ca\",\"@id\":\"https:\\\/\\\/www.xaviergero.com\\\/ca\\\/#\\\/schema\\\/logo\\\/image\\\/\",\"url\":\"https:\\\/\\\/www.xaviergero.com\\\/wp-content\\\/uploads\\\/2024\\\/10\\\/xavier-gero-interiorismo.png\",\"contentUrl\":\"https:\\\/\\\/www.xaviergero.com\\\/wp-content\\\/uploads\\\/2024\\\/10\\\/xavier-gero-interiorismo.png\",\"width\":632,\"height\":209,\"caption\":\"Xavier Gero Interirorisme\"},\"image\":{\"@id\":\"https:\\\/\\\/www.xaviergero.com\\\/ca\\\/#\\\/schema\\\/logo\\\/image\\\/\"}},{\"@type\":\"Person\",\"@id\":\"https:\\\/\\\/www.xaviergero.com\\\/ca\\\/#\\\/schema\\\/person\\\/a7aa6f29b4dddd3ebf414995ea56e25c\",\"name\":\"admin\",\"image\":{\"@type\":\"ImageObject\",\"inLanguage\":\"ca\",\"@id\":\"https:\\\/\\\/secure.gravatar.com\\\/avatar\\\/14c61e90496083b59f28b653237420ce23048d5eda8989cf6734aadfa0787df0?s=96&d=mm&r=g\",\"url\":\"https:\\\/\\\/secure.gravatar.com\\\/avatar\\\/14c61e90496083b59f28b653237420ce23048d5eda8989cf6734aadfa0787df0?s=96&d=mm&r=g\",\"contentUrl\":\"https:\\\/\\\/secure.gravatar.com\\\/avatar\\\/14c61e90496083b59f28b653237420ce23048d5eda8989cf6734aadfa0787df0?s=96&d=mm&r=g\",\"caption\":\"admin\"},\"sameAs\":[\"https:\\\/\\\/www.xaviergero.com\"],\"url\":\"https:\\\/\\\/www.xaviergero.com\\\/ca\\\/author\\\/admin\\\/\"}]}<\/script>\n<!-- \/ Yoast SEO plugin. -->","yoast_head_json":{"title":"Projecte Proven\u00e7a","description":"Disseny de projecte de la reforma integral d'una vivenda al carrer Proven\u00e7a realitzat per l'equip d'interioristes de Xavier Gero Barcelona","robots":{"index":"index","follow":"follow","max-snippet":"max-snippet:-1","max-image-preview":"max-image-preview:large","max-video-preview":"max-video-preview:-1"},"canonical":"https:\/\/www.xaviergero.com\/ca\/proyecte-reforma-atico-provenza\/","og_locale":"ca_ES","og_type":"article","og_title":"Projecte Proven\u00e7a","og_description":"Disseny de projecte de la reforma integral d'una vivenda al carrer Proven\u00e7a realitzat per l'equip d'interioristes de Xavier Gero Barcelona","og_url":"https:\/\/www.xaviergero.com\/ca\/proyecte-reforma-atico-provenza\/","og_site_name":"Xavier Gero Interirorisme","article_published_time":"2014-03-13T10:00:28+00:00","article_modified_time":"2026-02-09T12:44:17+00:00","og_image":[{"width":942,"height":534,"url":"https:\/\/www.xaviergero.com\/wp-content\/uploads\/2024\/10\/xaviergero-interiorismo-barcelona-proyecto05-D.jpg","type":"image\/jpeg"}],"author":"admin","schema":{"@context":"https:\/\/schema.org","@graph":[{"@type":"Article","@id":"https:\/\/www.xaviergero.com\/ca\/proyecte-reforma-atico-provenza\/#article","isPartOf":{"@id":"https:\/\/www.xaviergero.com\/ca\/proyecte-reforma-atico-provenza\/"},"author":{"name":"admin","@id":"https:\/\/www.xaviergero.com\/ca\/#\/schema\/person\/a7aa6f29b4dddd3ebf414995ea56e25c"},"headline":"Projecte Proven\u00e7a","datePublished":"2014-03-13T10:00:28+00:00","dateModified":"2026-02-09T12:44:17+00:00","mainEntityOfPage":{"@id":"https:\/\/www.xaviergero.com\/ca\/proyecte-reforma-atico-provenza\/"},"wordCount":1445,"publisher":{"@id":"https:\/\/www.xaviergero.com\/ca\/#organization"},"image":{"@id":"https:\/\/www.xaviergero.com\/ca\/proyecte-reforma-atico-provenza\/#primaryimage"},"thumbnailUrl":"https:\/\/www.xaviergero.com\/wp-content\/uploads\/2024\/10\/xaviergero-interiorismo-barcelona-proyecto05-D.jpg","articleSection":["Mobiliari"],"inLanguage":"ca"},{"@type":"WebPage","@id":"https:\/\/www.xaviergero.com\/ca\/proyecte-reforma-atico-provenza\/","url":"https:\/\/www.xaviergero.com\/ca\/proyecte-reforma-atico-provenza\/","name":"Projecte Proven\u00e7a","isPartOf":{"@id":"https:\/\/www.xaviergero.com\/ca\/#website"},"primaryImageOfPage":{"@id":"https:\/\/www.xaviergero.com\/ca\/proyecte-reforma-atico-provenza\/#primaryimage"},"image":{"@id":"https:\/\/www.xaviergero.com\/ca\/proyecte-reforma-atico-provenza\/#primaryimage"},"thumbnailUrl":"https:\/\/www.xaviergero.com\/wp-content\/uploads\/2024\/10\/xaviergero-interiorismo-barcelona-proyecto05-D.jpg","datePublished":"2014-03-13T10:00:28+00:00","dateModified":"2026-02-09T12:44:17+00:00","description":"Disseny de projecte de la reforma integral d'una vivenda al carrer Proven\u00e7a realitzat per l'equip d'interioristes de Xavier Gero Barcelona","breadcrumb":{"@id":"https:\/\/www.xaviergero.com\/ca\/proyecte-reforma-atico-provenza\/#breadcrumb"},"inLanguage":"ca","potentialAction":[{"@type":"ReadAction","target":["https:\/\/www.xaviergero.com\/ca\/proyecte-reforma-atico-provenza\/"]}]},{"@type":"ImageObject","inLanguage":"ca","@id":"https:\/\/www.xaviergero.com\/ca\/proyecte-reforma-atico-provenza\/#primaryimage","url":"https:\/\/www.xaviergero.com\/wp-content\/uploads\/2024\/10\/xaviergero-interiorismo-barcelona-proyecto05-D.jpg","contentUrl":"https:\/\/www.xaviergero.com\/wp-content\/uploads\/2024\/10\/xaviergero-interiorismo-barcelona-proyecto05-D.jpg","width":942,"height":534,"caption":"xaviergero interiorismo barcelona proyecto05 D"},{"@type":"BreadcrumbList","@id":"https:\/\/www.xaviergero.com\/ca\/proyecte-reforma-atico-provenza\/#breadcrumb","itemListElement":[{"@type":"ListItem","position":1,"name":"Portada","item":"https:\/\/www.xaviergero.com\/ca\/"},{"@type":"ListItem","position":2,"name":"Projecte Proven\u00e7a"}]},{"@type":"WebSite","@id":"https:\/\/www.xaviergero.com\/ca\/#website","url":"https:\/\/www.xaviergero.com\/ca\/","name":"Xavier Gero Interirorisme","description":"","publisher":{"@id":"https:\/\/www.xaviergero.com\/ca\/#organization"},"potentialAction":[{"@type":"SearchAction","target":{"@type":"EntryPoint","urlTemplate":"https:\/\/www.xaviergero.com\/ca\/?s={search_term_string}"},"query-input":{"@type":"PropertyValueSpecification","valueRequired":true,"valueName":"search_term_string"}}],"inLanguage":"ca"},{"@type":"Organization","@id":"https:\/\/www.xaviergero.com\/ca\/#organization","name":"Xavier Gero Interirorisme","url":"https:\/\/www.xaviergero.com\/ca\/","logo":{"@type":"ImageObject","inLanguage":"ca","@id":"https:\/\/www.xaviergero.com\/ca\/#\/schema\/logo\/image\/","url":"https:\/\/www.xaviergero.com\/wp-content\/uploads\/2024\/10\/xavier-gero-interiorismo.png","contentUrl":"https:\/\/www.xaviergero.com\/wp-content\/uploads\/2024\/10\/xavier-gero-interiorismo.png","width":632,"height":209,"caption":"Xavier Gero Interirorisme"},"image":{"@id":"https:\/\/www.xaviergero.com\/ca\/#\/schema\/logo\/image\/"}},{"@type":"Person","@id":"https:\/\/www.xaviergero.com\/ca\/#\/schema\/person\/a7aa6f29b4dddd3ebf414995ea56e25c","name":"admin","image":{"@type":"ImageObject","inLanguage":"ca","@id":"https:\/\/secure.gravatar.com\/avatar\/14c61e90496083b59f28b653237420ce23048d5eda8989cf6734aadfa0787df0?s=96&d=mm&r=g","url":"https:\/\/secure.gravatar.com\/avatar\/14c61e90496083b59f28b653237420ce23048d5eda8989cf6734aadfa0787df0?s=96&d=mm&r=g","contentUrl":"https:\/\/secure.gravatar.com\/avatar\/14c61e90496083b59f28b653237420ce23048d5eda8989cf6734aadfa0787df0?s=96&d=mm&r=g","caption":"admin"},"sameAs":["https:\/\/www.xaviergero.com"],"url":"https:\/\/www.xaviergero.com\/ca\/author\/admin\/"}]}},"_links":{"self":[{"href":"https:\/\/www.xaviergero.com\/ca\/wp-json\/wp\/v2\/posts\/10952","targetHints":{"allow":["GET"]}}],"collection":[{"href":"https:\/\/www.xaviergero.com\/ca\/wp-json\/wp\/v2\/posts"}],"about":[{"href":"https:\/\/www.xaviergero.com\/ca\/wp-json\/wp\/v2\/types\/post"}],"author":[{"embeddable":true,"href":"https:\/\/www.xaviergero.com\/ca\/wp-json\/wp\/v2\/users\/1"}],"replies":[{"embeddable":true,"href":"https:\/\/www.xaviergero.com\/ca\/wp-json\/wp\/v2\/comments?post=10952"}],"version-history":[{"count":3,"href":"https:\/\/www.xaviergero.com\/ca\/wp-json\/wp\/v2\/posts\/10952\/revisions"}],"predecessor-version":[{"id":11571,"href":"https:\/\/www.xaviergero.com\/ca\/wp-json\/wp\/v2\/posts\/10952\/revisions\/11571"}],"wp:featuredmedia":[{"embeddable":true,"href":"https:\/\/www.xaviergero.com\/ca\/wp-json\/wp\/v2\/media\/10063"}],"wp:attachment":[{"href":"https:\/\/www.xaviergero.com\/ca\/wp-json\/wp\/v2\/media?parent=10952"}],"wp:term":[{"taxonomy":"category","embeddable":true,"href":"https:\/\/www.xaviergero.com\/ca\/wp-json\/wp\/v2\/categories?post=10952"},{"taxonomy":"post_tag","embeddable":true,"href":"https:\/\/www.xaviergero.com\/ca\/wp-json\/wp\/v2\/tags?post=10952"}],"curies":[{"name":"wp","href":"https:\/\/api.w.org\/{rel}","templated":true}]}}